{"id":2344,"date":"2015-05-20T18:08:55","date_gmt":"2015-05-20T23:08:55","guid":{"rendered":"https:\/\/www.itrends.com.mx\/?p=2344"},"modified":"2019-05-25T10:13:45","modified_gmt":"2019-05-25T15:13:45","slug":"conferencia-millennials-el-target-de-moda-para-el-evento-de-turismo-y-tecnologia-del-instituto-campechano","status":"publish","type":"post","link":"https:\/\/www.itrends.com.mx\/en\/conferencia-millennials-el-target-de-moda-para-el-evento-de-turismo-y-tecnologia-del-instituto-campechano\/","title":{"rendered":"Conferencia &#8220;Millennials: El Target de Moda&#8221; para el evento de Turismo y Tecnolog\u00eda del Instituto Campechano"},"content":{"rendered":"<p>Hoy 20 de mayo de 2015 por la ma\u00f1ana participamos en el evento <strong>Turismo y Tecnolog\u00eda<\/strong> organizado por la Escuela de <strong>Turismo<\/strong> del <strong>Instituto Campechano<\/strong> con la Conferencia &#8220;<strong>Millennials: El target de Moda<\/strong>&#8220;.<\/p>\n<p>La conferencia fue conducida por el <a href=\"https:\/\/www.facebook.com\/manuelgantusarenas\/\">Ing. Manuel Gantus Arenas<\/a>\u00a0y se trato el tema de la nueva generaci\u00f3n de personas que hoy esta empezando a llegar nuevos destinos tur\u00edsticos y que pronto ser\u00e1 la generaci\u00f3n que ocupe el liderazgo del consumo Tur\u00edstico.<\/p>\n<p>Los Millennials son personas nacidas entre los a\u00f1os 80&#8217;s y principios de la d\u00e9cada 2000, cuyo estilo de vida y pautas de consumo est\u00e1n transformando la industria tur\u00edstica.<\/p>\n<p>Los Millennials son conscientes de que viven en un mundo globalizado, interconectado; por ello la tecnolog\u00eda no es un a\u00f1adido para ellos sino que forma parte de su estilo de vida y aunque se les acusa de individualismo explotan las redes sociales al m\u00e1ximo, son una generaci\u00f3n que ha crecido con costos bajos, reservas en l\u00ednea, streaming de video y acostumbrados a consultar las opiniones de otros antes de comprar, com\u00fanmente se informan a trav\u00e9s de internet.<\/p>\n<p>Estos j\u00f3venes est\u00e1n redefiniendo los conceptos de hospedaje prefiriendo los Hostales, mismos que han tenido que evolucionar e inclusive ofrecer servicios que antes eran considerados de hotel, para los Millennials estar conectados es imprescindible por ello el servicio de Internet Inal\u00e1mbrico es b\u00e1sico.<\/p>\n<p>Seg\u00fan Amadeus Big Data Report, los Millennials somos una generaci\u00f3n conectada que tiene h\u00e1bitos interesantes como:<\/p>\n<ul>\n<li>Consultan 10.4 fuentes en linea antes de comprar.<\/li>\n<li>El 75% tiene una cuenta en redes sociales.<\/li>\n<li>El 83% duermen con el smartphone al lado de la cama.<\/li>\n<li>El 84% dicen que el contenido generado por otros usuarios afecta sus decisiones de viaje.<\/li>\n<li>El 57% actualizan su estado en redes sociales mientras viajan.<\/li>\n<\/ul>\n<p>Entrevistamos al j\u00f3ven Dise\u00f1ador Gr\u00e1fico\u00a0Jonathan Rodas\u00a0nos cont\u00f3 sobre su viaje a Jap\u00f3n y como fue para el planear este viaje (la entrevista dura 20 minutos):<\/p>\n<p><iframe src=\"https:\/\/w.soundcloud.com\/player\/?url=https%3A\/\/api.soundcloud.com\/tracks\/206438841&amp;color=%23ff5500&amp;auto_play=false&amp;hide_related=false&amp;show_comments=true&amp;show_user=true&amp;show_reposts=false&amp;show_teaser=true\" width=\"100%\" height=\"166\" frameborder=\"no\" scrolling=\"no\"><\/iframe><\/p>\n<p>Fue un verdadero placer compartir con los j\u00f3venes de la Carrera de Turismo del Instituto Campechano quienes adem\u00e1s cooperan much\u00edsimo para lograr que esta conferencia fuera un \u00e9xito.<\/p>\n<p><strong>Algunas reacciones&#8230;<\/strong><\/p>\n<blockquote class=\"twitter-tweet\" lang=\"es\" data-cards=\"hidden\">\n<p dir=\"ltr\" lang=\"es\">Grandes palabras. Pierde el miedo a innovar. <a href=\"https:\/\/twitter.com\/itrendsmx\">@itrendsmx<\/a> <a href=\"https:\/\/twitter.com\/hashtag\/TurismoyTecnologia?src=hash\">#TurismoyTecnologia<\/a> <a href=\"http:\/\/t.co\/jBJZ9IIg1a\">pic.twitter.com\/jBJZ9IIg1a<\/a><\/p>\n<p>\u2014 Lilibeth Calderon (@Lilibeth_b2uty) <a href=\"https:\/\/twitter.com\/Lilibeth_b2uty\/status\/601047034917847040\">Mayo 20, 2015<\/a><\/p><\/blockquote>\n<p><script src=\"\/\/platform.twitter.com\/widgets.js\" async=\"\" charset=\"utf-8\"><\/script><\/p>\n<blockquote class=\"twitter-tweet\" lang=\"es\" data-cards=\"hidden\">\n<p dir=\"ltr\" lang=\"es\"><a href=\"https:\/\/twitter.com\/hashtag\/turismoytecnologia?src=hash\">#turismoytecnologia<\/a> Muchas Gracias por la conferencia \u00a1 La mejor ! ???<a href=\"https:\/\/twitter.com\/manuelgantus\">@manuelgantus<\/a><a href=\"https:\/\/twitter.com\/itrendsmx\">@itrendsmx<\/a><a href=\"https:\/\/twitter.com\/hashtag\/IC?src=hash\">#IC<\/a><a href=\"http:\/\/t.co\/QlR1ul1HGL\">pic.twitter.com\/QlR1ul1HGL<\/a><\/p>\n<p>\u2014 Claudia Escalante (@1995Esc) <a href=\"https:\/\/twitter.com\/1995Esc\/status\/601048076023828480\">Mayo 20, 2015<\/a><\/p><\/blockquote>\n<p><script src=\"\/\/platform.twitter.com\/widgets.js\" async=\"\" charset=\"utf-8\"><\/script><\/p>\n<blockquote class=\"twitter-tweet\" lang=\"es\">\n<p dir=\"ltr\" lang=\"es\">La mejor conferencia <a href=\"https:\/\/twitter.com\/hashtag\/turismoytecnologia?src=hash\">#turismoytecnologia<\/a> el mejor ponente <a href=\"https:\/\/twitter.com\/manuelgantus\">@manuelgantus<\/a> <a href=\"https:\/\/twitter.com\/itrendsmx\">@itrendsmx<\/a><\/p>\n<p>\u2014 Susana Mejia (@sussiiem7) <a href=\"https:\/\/twitter.com\/sussiiem7\/status\/601047830669602817\">Mayo 20, 2015<\/a><\/p><\/blockquote>\n<p><script async src=\"\/\/platform.twitter.com\/widgets.js\" charset=\"utf-8\"><\/script><\/p>\n","protected":false},"excerpt":{"rendered":"<p>Hoy 20 de mayo de 2015 por la ma\u00f1ana participamos en el evento Turismo y Tecnolog\u00eda organizado por la Escuela de Turismo del Instituto Campechano&hellip;<\/p>\n","protected":false},"author":1,"featured_media":10426,"comment_status":"open","ping_status":"open","sticky":false,"template":"","format":"standard","meta":{"_acf_changed":false,"_jetpack_memberships_contains_paid_content":false,"footnotes":""},"categories":[113],"tags":[2,49,50,6,51],"class_list":["post-2344","post","type-post","status-publish","format-standard","has-post-thumbnail","hentry","category-itrends","tag-campeche","tag-instituto-campechano","tag-millennials","tag-redes-sociales","tag-turismo"],"acf":[],"yoast_head":"<!-- This site is optimized with the Yoast SEO plugin v27.5 - https:\/\/yoast.com\/product\/yoast-seo-wordpress\/ -->\n<title>Conferencia &quot;Millennials: El Target de Moda&quot; para el evento de Turismo y Tecnolog\u00eda del Instituto Campechano - iTRENDS<\/title>\n<meta name=\"robots\" content=\"index, follow, max-snippet:-1, max-image-preview:large, max-video-preview:-1\" \/>\n<link rel=\"canonical\" href=\"https:\/\/www.itrends.com.mx\/en\/conferencia-millennials-el-target-de-moda-para-el-evento-de-turismo-y-tecnologia-del-instituto-campechano\/\" \/>\n<meta property=\"og:locale\" content=\"en_US\" \/>\n<meta property=\"og:type\" content=\"article\" \/>\n<meta property=\"og:title\" content=\"Conferencia &quot;Millennials: El Target de Moda&quot; para el evento de Turismo y Tecnolog\u00eda del Instituto Campechano - iTRENDS\" \/>\n<meta property=\"og:description\" content=\"Hoy 20 de mayo de 2015 por la ma\u00f1ana participamos en el evento Turismo y Tecnolog\u00eda organizado por la Escuela de Turismo del Instituto Campechano&hellip;\" \/>\n<meta property=\"og:url\" content=\"https:\/\/www.itrends.com.mx\/en\/conferencia-millennials-el-target-de-moda-para-el-evento-de-turismo-y-tecnologia-del-instituto-campechano\/\" \/>\n<meta property=\"og:site_name\" content=\"iTRENDS\" \/>\n<meta property=\"article:publisher\" content=\"https:\/\/www.facebook.com\/itrendsmx\" \/>\n<meta property=\"article:published_time\" content=\"2015-05-20T23:08:55+00:00\" \/>\n<meta property=\"article:modified_time\" content=\"2019-05-25T15:13:45+00:00\" \/>\n<meta property=\"og:image\" content=\"https:\/\/www.itrends.com.mx\/wp-content\/uploads\/2015\/05\/IMG_2927-1.jpg\" \/>\n\t<meta property=\"og:image:width\" content=\"3264\" \/>\n\t<meta property=\"og:image:height\" content=\"2448\" \/>\n\t<meta property=\"og:image:type\" content=\"image\/jpeg\" \/>\n<meta name=\"author\" content=\"Carlos Mario P. Aguilar\" \/>\n<meta name=\"twitter:card\" content=\"summary_large_image\" \/>\n<meta name=\"twitter:creator\" content=\"@itrendsmx\" \/>\n<meta name=\"twitter:site\" content=\"@itrendsmx\" \/>\n<meta name=\"twitter:label1\" content=\"Written by\" \/>\n\t<meta name=\"twitter:data1\" content=\"Carlos Mario P. Aguilar\" \/>\n\t<meta name=\"twitter:label2\" content=\"Est. reading time\" \/>\n\t<meta name=\"twitter:data2\" content=\"2 minutes\" \/>\n<script type=\"application\/ld+json\" class=\"yoast-schema-graph\">{\"@context\":\"https:\\\/\\\/schema.org\",\"@graph\":[{\"@type\":\"Article\",\"@id\":\"https:\\\/\\\/www.itrends.com.mx\\\/en\\\/conferencia-millennials-el-target-de-moda-para-el-evento-de-turismo-y-tecnologia-del-instituto-campechano\\\/#article\",\"isPartOf\":{\"@id\":\"https:\\\/\\\/www.itrends.com.mx\\\/en\\\/conferencia-millennials-el-target-de-moda-para-el-evento-de-turismo-y-tecnologia-del-instituto-campechano\\\/\"},\"author\":{\"name\":\"Carlos Mario P. Aguilar\",\"@id\":\"https:\\\/\\\/www.itrends.com.mx\\\/en\\\/#\\\/schema\\\/person\\\/0aaf2383a6cc51e0b20a7ca8f5177e05\"},\"headline\":\"Conferencia &#8220;Millennials: El Target de Moda&#8221; para el evento de Turismo y Tecnolog\u00eda del Instituto Campechano\",\"datePublished\":\"2015-05-20T23:08:55+00:00\",\"dateModified\":\"2019-05-25T15:13:45+00:00\",\"mainEntityOfPage\":{\"@id\":\"https:\\\/\\\/www.itrends.com.mx\\\/en\\\/conferencia-millennials-el-target-de-moda-para-el-evento-de-turismo-y-tecnologia-del-instituto-campechano\\\/\"},\"wordCount\":443,\"commentCount\":0,\"publisher\":{\"@id\":\"https:\\\/\\\/www.itrends.com.mx\\\/en\\\/#organization\"},\"image\":{\"@id\":\"https:\\\/\\\/www.itrends.com.mx\\\/en\\\/conferencia-millennials-el-target-de-moda-para-el-evento-de-turismo-y-tecnologia-del-instituto-campechano\\\/#primaryimage\"},\"thumbnailUrl\":\"https:\\\/\\\/www.itrends.com.mx\\\/wp-content\\\/uploads\\\/2015\\\/05\\\/IMG_2927-1.jpg\",\"keywords\":[\"Campeche\",\"Instituto Campechano\",\"Millennials\",\"Redes Sociales\",\"Turismo\"],\"articleSection\":[\"iTRENDS\"],\"inLanguage\":\"en-US\",\"potentialAction\":[{\"@type\":\"CommentAction\",\"name\":\"Comment\",\"target\":[\"https:\\\/\\\/www.itrends.com.mx\\\/en\\\/conferencia-millennials-el-target-de-moda-para-el-evento-de-turismo-y-tecnologia-del-instituto-campechano\\\/#respond\"]}]},{\"@type\":\"WebPage\",\"@id\":\"https:\\\/\\\/www.itrends.com.mx\\\/en\\\/conferencia-millennials-el-target-de-moda-para-el-evento-de-turismo-y-tecnologia-del-instituto-campechano\\\/\",\"url\":\"https:\\\/\\\/www.itrends.com.mx\\\/en\\\/conferencia-millennials-el-target-de-moda-para-el-evento-de-turismo-y-tecnologia-del-instituto-campechano\\\/\",\"name\":\"Conferencia \\\"Millennials: El Target de Moda\\\" para el evento de Turismo y Tecnolog\u00eda del Instituto Campechano - iTRENDS\",\"isPartOf\":{\"@id\":\"https:\\\/\\\/www.itrends.com.mx\\\/en\\\/#website\"},\"primaryImageOfPage\":{\"@id\":\"https:\\\/\\\/www.itrends.com.mx\\\/en\\\/conferencia-millennials-el-target-de-moda-para-el-evento-de-turismo-y-tecnologia-del-instituto-campechano\\\/#primaryimage\"},\"image\":{\"@id\":\"https:\\\/\\\/www.itrends.com.mx\\\/en\\\/conferencia-millennials-el-target-de-moda-para-el-evento-de-turismo-y-tecnologia-del-instituto-campechano\\\/#primaryimage\"},\"thumbnailUrl\":\"https:\\\/\\\/www.itrends.com.mx\\\/wp-content\\\/uploads\\\/2015\\\/05\\\/IMG_2927-1.jpg\",\"datePublished\":\"2015-05-20T23:08:55+00:00\",\"dateModified\":\"2019-05-25T15:13:45+00:00\",\"breadcrumb\":{\"@id\":\"https:\\\/\\\/www.itrends.com.mx\\\/en\\\/conferencia-millennials-el-target-de-moda-para-el-evento-de-turismo-y-tecnologia-del-instituto-campechano\\\/#breadcrumb\"},\"inLanguage\":\"en-US\",\"potentialAction\":[{\"@type\":\"ReadAction\",\"target\":[\"https:\\\/\\\/www.itrends.com.mx\\\/en\\\/conferencia-millennials-el-target-de-moda-para-el-evento-de-turismo-y-tecnologia-del-instituto-campechano\\\/\"]}]},{\"@type\":\"ImageObject\",\"inLanguage\":\"en-US\",\"@id\":\"https:\\\/\\\/www.itrends.com.mx\\\/en\\\/conferencia-millennials-el-target-de-moda-para-el-evento-de-turismo-y-tecnologia-del-instituto-campechano\\\/#primaryimage\",\"url\":\"https:\\\/\\\/www.itrends.com.mx\\\/wp-content\\\/uploads\\\/2015\\\/05\\\/IMG_2927-1.jpg\",\"contentUrl\":\"https:\\\/\\\/www.itrends.com.mx\\\/wp-content\\\/uploads\\\/2015\\\/05\\\/IMG_2927-1.jpg\",\"width\":3264,\"height\":2448},{\"@type\":\"BreadcrumbList\",\"@id\":\"https:\\\/\\\/www.itrends.com.mx\\\/en\\\/conferencia-millennials-el-target-de-moda-para-el-evento-de-turismo-y-tecnologia-del-instituto-campechano\\\/#breadcrumb\",\"itemListElement\":[{\"@type\":\"ListItem\",\"position\":1,\"name\":\"Inicio\",\"item\":\"https:\\\/\\\/www.itrends.com.mx\\\/en\\\/\"},{\"@type\":\"ListItem\",\"position\":2,\"name\":\"Conferencia &#8220;Millennials: El Target de Moda&#8221; para el evento de Turismo y Tecnolog\u00eda del Instituto Campechano\"}]},{\"@type\":\"WebSite\",\"@id\":\"https:\\\/\\\/www.itrends.com.mx\\\/en\\\/#website\",\"url\":\"https:\\\/\\\/www.itrends.com.mx\\\/en\\\/\",\"name\":\"iTRENDS\",\"description\":\"Desarrollo de Software, Aplicaciones m\u00f3viles y Servicios Cloud\",\"publisher\":{\"@id\":\"https:\\\/\\\/www.itrends.com.mx\\\/en\\\/#organization\"},\"potentialAction\":[{\"@type\":\"SearchAction\",\"target\":{\"@type\":\"EntryPoint\",\"urlTemplate\":\"https:\\\/\\\/www.itrends.com.mx\\\/en\\\/?s={search_term_string}\"},\"query-input\":{\"@type\":\"PropertyValueSpecification\",\"valueRequired\":true,\"valueName\":\"search_term_string\"}}],\"inLanguage\":\"en-US\"},{\"@type\":\"Organization\",\"@id\":\"https:\\\/\\\/www.itrends.com.mx\\\/en\\\/#organization\",\"name\":\"iTRENDS\",\"url\":\"https:\\\/\\\/www.itrends.com.mx\\\/en\\\/\",\"logo\":{\"@type\":\"ImageObject\",\"inLanguage\":\"en-US\",\"@id\":\"https:\\\/\\\/www.itrends.com.mx\\\/en\\\/#\\\/schema\\\/logo\\\/image\\\/\",\"url\":\"https:\\\/\\\/www.itrends.com.mx\\\/wp-content\\\/uploads\\\/2019\\\/02\\\/logo-itrends-final.png\",\"contentUrl\":\"https:\\\/\\\/www.itrends.com.mx\\\/wp-content\\\/uploads\\\/2019\\\/02\\\/logo-itrends-final.png\",\"width\":227,\"height\":30,\"caption\":\"iTRENDS\"},\"image\":{\"@id\":\"https:\\\/\\\/www.itrends.com.mx\\\/en\\\/#\\\/schema\\\/logo\\\/image\\\/\"},\"sameAs\":[\"https:\\\/\\\/www.facebook.com\\\/itrendsmx\",\"https:\\\/\\\/x.com\\\/itrendsmx\",\"https:\\\/\\\/instagram.com\\\/itrendsmx\",\"https:\\\/\\\/www.youtube.com\\\/channel\\\/UC4ZbNQ5Y9ccZe5KT8NgFupQ\"]},{\"@type\":\"Person\",\"@id\":\"https:\\\/\\\/www.itrends.com.mx\\\/en\\\/#\\\/schema\\\/person\\\/0aaf2383a6cc51e0b20a7ca8f5177e05\",\"name\":\"Carlos Mario P. Aguilar\",\"image\":{\"@type\":\"ImageObject\",\"inLanguage\":\"en-US\",\"@id\":\"https:\\\/\\\/secure.gravatar.com\\\/avatar\\\/6aad0e2d387eea096838992239155356c0a55949d509cd2366c41efb0c06295d?s=96&d=mm&r=g\",\"url\":\"https:\\\/\\\/secure.gravatar.com\\\/avatar\\\/6aad0e2d387eea096838992239155356c0a55949d509cd2366c41efb0c06295d?s=96&d=mm&r=g\",\"contentUrl\":\"https:\\\/\\\/secure.gravatar.com\\\/avatar\\\/6aad0e2d387eea096838992239155356c0a55949d509cd2366c41efb0c06295d?s=96&d=mm&r=g\",\"caption\":\"Carlos Mario P. Aguilar\"}}]}<\/script>\n<!-- \/ Yoast SEO plugin. -->","yoast_head_json":{"title":"Conferencia \"Millennials: El Target de Moda\" para el evento de Turismo y Tecnolog\u00eda del Instituto Campechano - iTRENDS","robots":{"index":"index","follow":"follow","max-snippet":"max-snippet:-1","max-image-preview":"max-image-preview:large","max-video-preview":"max-video-preview:-1"},"canonical":"https:\/\/www.itrends.com.mx\/en\/conferencia-millennials-el-target-de-moda-para-el-evento-de-turismo-y-tecnologia-del-instituto-campechano\/","og_locale":"en_US","og_type":"article","og_title":"Conferencia \"Millennials: El Target de Moda\" para el evento de Turismo y Tecnolog\u00eda del Instituto Campechano - iTRENDS","og_description":"Hoy 20 de mayo de 2015 por la ma\u00f1ana participamos en el evento Turismo y Tecnolog\u00eda organizado por la Escuela de Turismo del Instituto Campechano&hellip;","og_url":"https:\/\/www.itrends.com.mx\/en\/conferencia-millennials-el-target-de-moda-para-el-evento-de-turismo-y-tecnologia-del-instituto-campechano\/","og_site_name":"iTRENDS","article_publisher":"https:\/\/www.facebook.com\/itrendsmx","article_published_time":"2015-05-20T23:08:55+00:00","article_modified_time":"2019-05-25T15:13:45+00:00","og_image":[{"width":3264,"height":2448,"url":"https:\/\/www.itrends.com.mx\/wp-content\/uploads\/2015\/05\/IMG_2927-1.jpg","type":"image\/jpeg"}],"author":"Carlos Mario P. Aguilar","twitter_card":"summary_large_image","twitter_creator":"@itrendsmx","twitter_site":"@itrendsmx","twitter_misc":{"Written by":"Carlos Mario P. Aguilar","Est. reading time":"2 minutes"},"schema":{"@context":"https:\/\/schema.org","@graph":[{"@type":"Article","@id":"https:\/\/www.itrends.com.mx\/en\/conferencia-millennials-el-target-de-moda-para-el-evento-de-turismo-y-tecnologia-del-instituto-campechano\/#article","isPartOf":{"@id":"https:\/\/www.itrends.com.mx\/en\/conferencia-millennials-el-target-de-moda-para-el-evento-de-turismo-y-tecnologia-del-instituto-campechano\/"},"author":{"name":"Carlos Mario P. Aguilar","@id":"https:\/\/www.itrends.com.mx\/en\/#\/schema\/person\/0aaf2383a6cc51e0b20a7ca8f5177e05"},"headline":"Conferencia &#8220;Millennials: El Target de Moda&#8221; para el evento de Turismo y Tecnolog\u00eda del Instituto Campechano","datePublished":"2015-05-20T23:08:55+00:00","dateModified":"2019-05-25T15:13:45+00:00","mainEntityOfPage":{"@id":"https:\/\/www.itrends.com.mx\/en\/conferencia-millennials-el-target-de-moda-para-el-evento-de-turismo-y-tecnologia-del-instituto-campechano\/"},"wordCount":443,"commentCount":0,"publisher":{"@id":"https:\/\/www.itrends.com.mx\/en\/#organization"},"image":{"@id":"https:\/\/www.itrends.com.mx\/en\/conferencia-millennials-el-target-de-moda-para-el-evento-de-turismo-y-tecnologia-del-instituto-campechano\/#primaryimage"},"thumbnailUrl":"https:\/\/www.itrends.com.mx\/wp-content\/uploads\/2015\/05\/IMG_2927-1.jpg","keywords":["Campeche","Instituto Campechano","Millennials","Redes Sociales","Turismo"],"articleSection":["iTRENDS"],"inLanguage":"en-US","potentialAction":[{"@type":"CommentAction","name":"Comment","target":["https:\/\/www.itrends.com.mx\/en\/conferencia-millennials-el-target-de-moda-para-el-evento-de-turismo-y-tecnologia-del-instituto-campechano\/#respond"]}]},{"@type":"WebPage","@id":"https:\/\/www.itrends.com.mx\/en\/conferencia-millennials-el-target-de-moda-para-el-evento-de-turismo-y-tecnologia-del-instituto-campechano\/","url":"https:\/\/www.itrends.com.mx\/en\/conferencia-millennials-el-target-de-moda-para-el-evento-de-turismo-y-tecnologia-del-instituto-campechano\/","name":"Conferencia \"Millennials: El Target de Moda\" para el evento de Turismo y Tecnolog\u00eda del Instituto Campechano - iTRENDS","isPartOf":{"@id":"https:\/\/www.itrends.com.mx\/en\/#website"},"primaryImageOfPage":{"@id":"https:\/\/www.itrends.com.mx\/en\/conferencia-millennials-el-target-de-moda-para-el-evento-de-turismo-y-tecnologia-del-instituto-campechano\/#primaryimage"},"image":{"@id":"https:\/\/www.itrends.com.mx\/en\/conferencia-millennials-el-target-de-moda-para-el-evento-de-turismo-y-tecnologia-del-instituto-campechano\/#primaryimage"},"thumbnailUrl":"https:\/\/www.itrends.com.mx\/wp-content\/uploads\/2015\/05\/IMG_2927-1.jpg","datePublished":"2015-05-20T23:08:55+00:00","dateModified":"2019-05-25T15:13:45+00:00","breadcrumb":{"@id":"https:\/\/www.itrends.com.mx\/en\/conferencia-millennials-el-target-de-moda-para-el-evento-de-turismo-y-tecnologia-del-instituto-campechano\/#breadcrumb"},"inLanguage":"en-US","potentialAction":[{"@type":"ReadAction","target":["https:\/\/www.itrends.com.mx\/en\/conferencia-millennials-el-target-de-moda-para-el-evento-de-turismo-y-tecnologia-del-instituto-campechano\/"]}]},{"@type":"ImageObject","inLanguage":"en-US","@id":"https:\/\/www.itrends.com.mx\/en\/conferencia-millennials-el-target-de-moda-para-el-evento-de-turismo-y-tecnologia-del-instituto-campechano\/#primaryimage","url":"https:\/\/www.itrends.com.mx\/wp-content\/uploads\/2015\/05\/IMG_2927-1.jpg","contentUrl":"https:\/\/www.itrends.com.mx\/wp-content\/uploads\/2015\/05\/IMG_2927-1.jpg","width":3264,"height":2448},{"@type":"BreadcrumbList","@id":"https:\/\/www.itrends.com.mx\/en\/conferencia-millennials-el-target-de-moda-para-el-evento-de-turismo-y-tecnologia-del-instituto-campechano\/#breadcrumb","itemListElement":[{"@type":"ListItem","position":1,"name":"Inicio","item":"https:\/\/www.itrends.com.mx\/en\/"},{"@type":"ListItem","position":2,"name":"Conferencia &#8220;Millennials: El Target de Moda&#8221; para el evento de Turismo y Tecnolog\u00eda del Instituto Campechano"}]},{"@type":"WebSite","@id":"https:\/\/www.itrends.com.mx\/en\/#website","url":"https:\/\/www.itrends.com.mx\/en\/","name":"iTRENDS","description":"Desarrollo de Software, Aplicaciones m\u00f3viles y Servicios Cloud","publisher":{"@id":"https:\/\/www.itrends.com.mx\/en\/#organization"},"potentialAction":[{"@type":"SearchAction","target":{"@type":"EntryPoint","urlTemplate":"https:\/\/www.itrends.com.mx\/en\/?s={search_term_string}"},"query-input":{"@type":"PropertyValueSpecification","valueRequired":true,"valueName":"search_term_string"}}],"inLanguage":"en-US"},{"@type":"Organization","@id":"https:\/\/www.itrends.com.mx\/en\/#organization","name":"iTRENDS","url":"https:\/\/www.itrends.com.mx\/en\/","logo":{"@type":"ImageObject","inLanguage":"en-US","@id":"https:\/\/www.itrends.com.mx\/en\/#\/schema\/logo\/image\/","url":"https:\/\/www.itrends.com.mx\/wp-content\/uploads\/2019\/02\/logo-itrends-final.png","contentUrl":"https:\/\/www.itrends.com.mx\/wp-content\/uploads\/2019\/02\/logo-itrends-final.png","width":227,"height":30,"caption":"iTRENDS"},"image":{"@id":"https:\/\/www.itrends.com.mx\/en\/#\/schema\/logo\/image\/"},"sameAs":["https:\/\/www.facebook.com\/itrendsmx","https:\/\/x.com\/itrendsmx","https:\/\/instagram.com\/itrendsmx","https:\/\/www.youtube.com\/channel\/UC4ZbNQ5Y9ccZe5KT8NgFupQ"]},{"@type":"Person","@id":"https:\/\/www.itrends.com.mx\/en\/#\/schema\/person\/0aaf2383a6cc51e0b20a7ca8f5177e05","name":"Carlos Mario P. Aguilar","image":{"@type":"ImageObject","inLanguage":"en-US","@id":"https:\/\/secure.gravatar.com\/avatar\/6aad0e2d387eea096838992239155356c0a55949d509cd2366c41efb0c06295d?s=96&d=mm&r=g","url":"https:\/\/secure.gravatar.com\/avatar\/6aad0e2d387eea096838992239155356c0a55949d509cd2366c41efb0c06295d?s=96&d=mm&r=g","contentUrl":"https:\/\/secure.gravatar.com\/avatar\/6aad0e2d387eea096838992239155356c0a55949d509cd2366c41efb0c06295d?s=96&d=mm&r=g","caption":"Carlos Mario P. Aguilar"}}]}},"jetpack_featured_media_url":"https:\/\/www.itrends.com.mx\/wp-content\/uploads\/2015\/05\/IMG_2927-1.jpg","jetpack_sharing_enabled":true,"_links":{"self":[{"href":"https:\/\/www.itrends.com.mx\/en\/wp-json\/wp\/v2\/posts\/2344","targetHints":{"allow":["GET"]}}],"collection":[{"href":"https:\/\/www.itrends.com.mx\/en\/wp-json\/wp\/v2\/posts"}],"about":[{"href":"https:\/\/www.itrends.com.mx\/en\/wp-json\/wp\/v2\/types\/post"}],"author":[{"embeddable":true,"href":"https:\/\/www.itrends.com.mx\/en\/wp-json\/wp\/v2\/users\/1"}],"replies":[{"embeddable":true,"href":"https:\/\/www.itrends.com.mx\/en\/wp-json\/wp\/v2\/comments?post=2344"}],"version-history":[{"count":3,"href":"https:\/\/www.itrends.com.mx\/en\/wp-json\/wp\/v2\/posts\/2344\/revisions"}],"predecessor-version":[{"id":10185,"href":"https:\/\/www.itrends.com.mx\/en\/wp-json\/wp\/v2\/posts\/2344\/revisions\/10185"}],"wp:featuredmedia":[{"embeddable":true,"href":"https:\/\/www.itrends.com.mx\/en\/wp-json\/wp\/v2\/media\/10426"}],"wp:attachment":[{"href":"https:\/\/www.itrends.com.mx\/en\/wp-json\/wp\/v2\/media?parent=2344"}],"wp:term":[{"taxonomy":"category","embeddable":true,"href":"https:\/\/www.itrends.com.mx\/en\/wp-json\/wp\/v2\/categories?post=2344"},{"taxonomy":"post_tag","embeddable":true,"href":"https:\/\/www.itrends.com.mx\/en\/wp-json\/wp\/v2\/tags?post=2344"}],"curies":[{"name":"wp","href":"https:\/\/api.w.org\/{rel}","templated":true}]}}